{"id":1413,"date":"2015-08-01T10:29:46","date_gmt":"2015-08-01T08:29:46","guid":{"rendered":"http:\/\/fotografestival.cz\/2015\/?p=1413"},"modified":"2015-08-13T09:32:31","modified_gmt":"2015-08-13T07:32:31","slug":"dokumentarni-podoby-fotografie-ceske-spolecnosti-prednaska","status":"publish","type":"post","link":"https:\/\/2015.fotografestival.cz\/?p=1413","title":{"rendered":"Dokument\u00e1rn\u00ed podoby fotografie \u010desk\u00e9 spole\u010dnosti"},"content":{"rendered":"","protected":false},"excerpt":{"rendered":"","protected":false},"author":1,"featured_media":0,"comment_status":"closed","ping_status":"closed","sticky":false,"template":"","format":"standard","meta":[],"categories":[8],"tags":[],"_links":{"self":[{"href":"https:\/\/2015.fotografestival.cz\/index.php?rest_route=\/wp\/v2\/posts\/1413"}],"collection":[{"href":"https:\/\/2015.fotografestival.cz\/index.php?rest_route=\/wp\/v2\/posts"}],"about":[{"href":"https:\/\/2015.fotografestival.cz\/index.php?rest_route=\/wp\/v2\/types\/post"}],"author":[{"embeddable":true,"href":"https:\/\/2015.fotografestival.cz\/index.php?rest_route=\/wp\/v2\/users\/1"}],"replies":[{"embeddable":true,"href":"https:\/\/2015.fotografestival.cz\/index.php?rest_route=%2Fwp%2Fv2%2Fcomments&post=1413"}],"version-history":[{"count":2,"href":"https:\/\/2015.fotografestival.cz\/index.php?rest_route=\/wp\/v2\/posts\/1413\/revisions"}],"predecessor-version":[{"id":1725,"href":"https:\/\/2015.fotografestival.cz\/index.php?rest_route=\/wp\/v2\/posts\/1413\/revisions\/1725"}],"wp:attachment":[{"href":"https:\/\/2015.fotografestival.cz\/index.php?rest_route=%2Fwp%2Fv2%2Fmedia&parent=1413"}],"wp:term":[{"taxonomy":"category","embeddable":true,"href":"https:\/\/2015.fotografestival.cz\/index.php?rest_route=%2Fwp%2Fv2%2Fcategories&post=1413"},{"taxonomy":"post_tag","embeddable":true,"href":"https:\/\/2015.fotografestival.cz\/index.php?rest_route=%2Fwp%2Fv2%2Ftags&post=1413"}],"curies":[{"name":"wp","href":"https:\/\/api.w.org\/{rel}","templated":true}]}}