{"id":1435,"date":"2015-08-03T15:10:24","date_gmt":"2015-08-03T13:10:24","guid":{"rendered":"http:\/\/fotografestival.cz\/2015\/?p=1435"},"modified":"2015-08-13T15:00:43","modified_gmt":"2015-08-13T13:00:43","slug":"vecere-pro-absolventy-atelieru-fotografie-na-umprum","status":"publish","type":"post","link":"https:\/\/2015.fotografestival.cz\/?p=1435","title":{"rendered":"Ve\u010de\u0159e pro absolventy ateli\u00e9ru fotografie na UMPRUM"},"content":{"rendered":"","protected":false},"excerpt":{"rendered":"","protected":false},"author":1,"featured_media":0,"comment_status":"closed","ping_status":"closed","sticky":false,"template":"","format":"standard","meta":[],"categories":[1],"tags":[],"_links":{"self":[{"href":"https:\/\/2015.fotografestival.cz\/index.php?rest_route=\/wp\/v2\/posts\/1435"}],"collection":[{"href":"https:\/\/2015.fotografestival.cz\/index.php?rest_route=\/wp\/v2\/posts"}],"about":[{"href":"https:\/\/2015.fotografestival.cz\/index.php?rest_route=\/wp\/v2\/types\/post"}],"author":[{"embeddable":true,"href":"https:\/\/2015.fotografestival.cz\/index.php?rest_route=\/wp\/v2\/users\/1"}],"replies":[{"embeddable":true,"href":"https:\/\/2015.fotografestival.cz\/index.php?rest_route=%2Fwp%2Fv2%2Fcomments&post=1435"}],"version-history":[{"count":2,"href":"https:\/\/2015.fotografestival.cz\/index.php?rest_route=\/wp\/v2\/posts\/1435\/revisions"}],"predecessor-version":[{"id":1746,"href":"https:\/\/2015.fotografestival.cz\/index.php?rest_route=\/wp\/v2\/posts\/1435\/revisions\/1746"}],"wp:attachment":[{"href":"https:\/\/2015.fotografestival.cz\/index.php?rest_route=%2Fwp%2Fv2%2Fmedia&parent=1435"}],"wp:term":[{"taxonomy":"category","embeddable":true,"href":"https:\/\/2015.fotografestival.cz\/index.php?rest_route=%2Fwp%2Fv2%2Fcategories&post=1435"},{"taxonomy":"post_tag","embeddable":true,"href":"https:\/\/2015.fotografestival.cz\/index.php?rest_route=%2Fwp%2Fv2%2Ftags&post=1435"}],"curies":[{"name":"wp","href":"https:\/\/api.w.org\/{rel}","templated":true}]}}