{"id":1878,"date":"2015-09-09T19:31:42","date_gmt":"2015-09-09T17:31:42","guid":{"rendered":"http:\/\/fotografestival.cz\/2015\/en\/?p=1878"},"modified":"2015-09-09T21:39:46","modified_gmt":"2015-09-09T19:39:46","slug":"a-performance-by-matej-pavlik-and-ladislav-vondrak","status":"publish","type":"post","link":"https:\/\/2015.fotografestival.cz\/?p=1878&lang=en","title":{"rendered":"A performance by Mat\u011bj Pavl\u00edk and Ladislav Vondr\u00e1k"},"content":{"rendered":"","protected":false},"excerpt":{"rendered":"","protected":false},"author":2,"featured_media":0,"comment_status":"closed","ping_status":"closed","sticky":false,"template":"","format":"standard","meta":[],"categories":[32],"tags":[],"_links":{"self":[{"href":"https:\/\/2015.fotografestival.cz\/index.php?rest_route=\/wp\/v2\/posts\/1878"}],"collection":[{"href":"https:\/\/2015.fotografestival.cz\/index.php?rest_route=\/wp\/v2\/posts"}],"about":[{"href":"https:\/\/2015.fotografestival.cz\/index.php?rest_route=\/wp\/v2\/types\/post"}],"author":[{"embeddable":true,"href":"https:\/\/2015.fotografestival.cz\/index.php?rest_route=\/wp\/v2\/users\/2"}],"replies":[{"embeddable":true,"href":"https:\/\/2015.fotografestival.cz\/index.php?rest_route=%2Fwp%2Fv2%2Fcomments&post=1878"}],"version-history":[{"count":1,"href":"https:\/\/2015.fotografestival.cz\/index.php?rest_route=\/wp\/v2\/posts\/1878\/revisions"}],"predecessor-version":[{"id":1879,"href":"https:\/\/2015.fotografestival.cz\/index.php?rest_route=\/wp\/v2\/posts\/1878\/revisions\/1879"}],"wp:attachment":[{"href":"https:\/\/2015.fotografestival.cz\/index.php?rest_route=%2Fwp%2Fv2%2Fmedia&parent=1878"}],"wp:term":[{"taxonomy":"category","embeddable":true,"href":"https:\/\/2015.fotografestival.cz\/index.php?rest_route=%2Fwp%2Fv2%2Fcategories&post=1878"},{"taxonomy":"post_tag","embeddable":true,"href":"https:\/\/2015.fotografestival.cz\/index.php?rest_route=%2Fwp%2Fv2%2Ftags&post=1878"}],"curies":[{"name":"wp","href":"https:\/\/api.w.org\/{rel}","templated":true}]}}