{"id":1920,"date":"2015-09-18T18:31:21","date_gmt":"2015-09-18T16:31:21","guid":{"rendered":"http:\/\/fotografestival.cz\/2015\/?p=1920"},"modified":"2015-09-24T16:13:13","modified_gmt":"2015-09-24T14:13:13","slug":"slavnostni-zahajeni-fotograf-festivalu","status":"publish","type":"post","link":"https:\/\/2015.fotografestival.cz\/?p=1920","title":{"rendered":"Slavnostn\u00ed zah\u00e1jen\u00ed Fotograf Festivalu"},"content":{"rendered":"","protected":false},"excerpt":{"rendered":"","protected":false},"author":2,"featured_media":0,"comment_status":"closed","ping_status":"closed","sticky":false,"template":"","format":"standard","meta":[],"categories":[18],"tags":[],"_links":{"self":[{"href":"https:\/\/2015.fotografestival.cz\/index.php?rest_route=\/wp\/v2\/posts\/1920"}],"collection":[{"href":"https:\/\/2015.fotografestival.cz\/index.php?rest_route=\/wp\/v2\/posts"}],"about":[{"href":"https:\/\/2015.fotografestival.cz\/index.php?rest_route=\/wp\/v2\/types\/post"}],"author":[{"embeddable":true,"href":"https:\/\/2015.fotografestival.cz\/index.php?rest_route=\/wp\/v2\/users\/2"}],"replies":[{"embeddable":true,"href":"https:\/\/2015.fotografestival.cz\/index.php?rest_route=%2Fwp%2Fv2%2Fcomments&post=1920"}],"version-history":[{"count":2,"href":"https:\/\/2015.fotografestival.cz\/index.php?rest_route=\/wp\/v2\/posts\/1920\/revisions"}],"predecessor-version":[{"id":1948,"href":"https:\/\/2015.fotografestival.cz\/index.php?rest_route=\/wp\/v2\/posts\/1920\/revisions\/1948"}],"wp:attachment":[{"href":"https:\/\/2015.fotografestival.cz\/index.php?rest_route=%2Fwp%2Fv2%2Fmedia&parent=1920"}],"wp:term":[{"taxonomy":"category","embeddable":true,"href":"https:\/\/2015.fotografestival.cz\/index.php?rest_route=%2Fwp%2Fv2%2Fcategories&post=1920"},{"taxonomy":"post_tag","embeddable":true,"href":"https:\/\/2015.fotografestival.cz\/index.php?rest_route=%2Fwp%2Fv2%2Ftags&post=1920"}],"curies":[{"name":"wp","href":"https:\/\/api.w.org\/{rel}","templated":true}]}}