{"id":936,"date":"2015-07-09T09:05:54","date_gmt":"2015-07-09T07:05:54","guid":{"rendered":"http:\/\/fotografestival.cz\/2015\/?p=936"},"modified":"2015-08-12T22:50:28","modified_gmt":"2015-08-12T20:50:28","slug":"hledani-ztraceneho-prostoru","status":"publish","type":"post","link":"https:\/\/2015.fotografestival.cz\/?p=936","title":{"rendered":"Hled\u00e1n\u00ed ztracen\u00e9ho prostoru"},"content":{"rendered":"","protected":false},"excerpt":{"rendered":"","protected":false},"author":1,"featured_media":0,"comment_status":"closed","ping_status":"closed","sticky":false,"template":"","format":"standard","meta":[],"categories":[3],"tags":[],"_links":{"self":[{"href":"https:\/\/2015.fotografestival.cz\/index.php?rest_route=\/wp\/v2\/posts\/936"}],"collection":[{"href":"https:\/\/2015.fotografestival.cz\/index.php?rest_route=\/wp\/v2\/posts"}],"about":[{"href":"https:\/\/2015.fotografestival.cz\/index.php?rest_route=\/wp\/v2\/types\/post"}],"author":[{"embeddable":true,"href":"https:\/\/2015.fotografestival.cz\/index.php?rest_route=\/wp\/v2\/users\/1"}],"replies":[{"embeddable":true,"href":"https:\/\/2015.fotografestival.cz\/index.php?rest_route=%2Fwp%2Fv2%2Fcomments&post=936"}],"version-history":[{"count":2,"href":"https:\/\/2015.fotografestival.cz\/index.php?rest_route=\/wp\/v2\/posts\/936\/revisions"}],"predecessor-version":[{"id":1644,"href":"https:\/\/2015.fotografestival.cz\/index.php?rest_route=\/wp\/v2\/posts\/936\/revisions\/1644"}],"wp:attachment":[{"href":"https:\/\/2015.fotografestival.cz\/index.php?rest_route=%2Fwp%2Fv2%2Fmedia&parent=936"}],"wp:term":[{"taxonomy":"category","embeddable":true,"href":"https:\/\/2015.fotografestival.cz\/index.php?rest_route=%2Fwp%2Fv2%2Fcategories&post=936"},{"taxonomy":"post_tag","embeddable":true,"href":"https:\/\/2015.fotografestival.cz\/index.php?rest_route=%2Fwp%2Fv2%2Ftags&post=936"}],"curies":[{"name":"wp","href":"https:\/\/api.w.org\/{rel}","templated":true}]}}